{"id":16867,"date":"2019-12-03T10:34:56","date_gmt":"2019-12-03T09:34:56","guid":{"rendered":"http:\/\/denkmalpflege.tuwien.ac.at\/?p=16867"},"modified":"2020-01-06T19:51:34","modified_gmt":"2020-01-06T18:51:34","slug":"lisa-traussnigg","status":"publish","type":"post","link":"https:\/\/denkmalpflege.tuwien.ac.at\/index.php\/lisa-traussnigg\/","title":{"rendered":"Lisa Traussnigg"},"content":{"rendered":"\t\t<div data-elementor-type=\"wp-post\" data-elementor-id=\"16867\" class=\"elementor elementor-16867\" data-elementor-post-type=\"post\">\n\t\t\t\t\t\t<section class=\"elementor-section elementor-top-section elementor-element elementor-element-f5df38f elementor-section-full_width elementor-section-height-default elementor-section-height-default\" data-id=\"f5df38f\" data-element_type=\"section\">\n\t\t\t\t\t\t<div class=\"elementor-container elementor-column-gap-default\">\n\t\t\t\t\t<div class=\"elementor-column elementor-col-50 elementor-top-column elementor-element elementor-element-bb66982\" data-id=\"bb66982\" data-element_type=\"column\">\n\t\t\t<div class=\"elementor-widget-wrap elementor-element-populated\">\n\t\t\t\t\t\t<div class=\"elementor-element elementor-element-40e91c8 elementor-widget elementor-widget-heading\" data-id=\"40e91c8\" data-element_type=\"widget\" data-widget_type=\"heading.default\">\n\t\t\t\t<div class=\"elementor-widget-container\">\n\t\t\t\t\t<h2 class=\"elementor-heading-title elementor-size-default\">Arbeiten\n<\/h2>\t\t\t\t<\/div>\n\t\t\t\t<\/div>\n\t\t\t\t<div class=\"elementor-element elementor-element-67e0df1 elementor-widget-divider--view-line elementor-widget elementor-widget-divider\" data-id=\"67e0df1\" data-element_type=\"widget\" data-widget_type=\"divider.default\">\n\t\t\t\t<div class=\"elementor-widget-container\">\n\t\t\t\t\t\t\t<div class=\"elementor-divider\">\n\t\t\t<span class=\"elementor-divider-separator\">\n\t\t\t\t\t\t<\/span>\n\t\t<\/div>\n\t\t\t\t\t\t<\/div>\n\t\t\t\t<\/div>\n\t\t\t\t\t<\/div>\n\t\t<\/div>\n\t\t\t\t<div class=\"elementor-column elementor-col-50 elementor-top-column elementor-element elementor-element-8e15a78\" data-id=\"8e15a78\" data-element_type=\"column\">\n\t\t\t<div class=\"elementor-widget-wrap elementor-element-populated\">\n\t\t\t\t\t\t<div class=\"elementor-element elementor-element-33713e2 elementor-widget elementor-widget-heading\" data-id=\"33713e2\" data-element_type=\"widget\" data-widget_type=\"heading.default\">\n\t\t\t\t<div class=\"elementor-widget-container\">\n\t\t\t\t\t<h2 class=\"elementor-heading-title elementor-size-default\">Lisa Traussnigg <span style=\"float: right\"> 2018<\/span>\n<\/h2>\t\t\t\t<\/div>\n\t\t\t\t<\/div>\n\t\t\t\t<div class=\"elementor-element elementor-element-9bd3c3d elementor-widget-divider--view-line elementor-widget elementor-widget-divider\" data-id=\"9bd3c3d\" data-element_type=\"widget\" data-widget_type=\"divider.default\">\n\t\t\t\t<div class=\"elementor-widget-container\">\n\t\t\t\t\t\t\t<div class=\"elementor-divider\">\n\t\t\t<span class=\"elementor-divider-separator\">\n\t\t\t\t\t\t<\/span>\n\t\t<\/div>\n\t\t\t\t\t\t<\/div>\n\t\t\t\t<\/div>\n\t\t\t\t\t<\/div>\n\t\t<\/div>\n\t\t\t\t\t<\/div>\n\t\t<\/section>\n\t\t\t\t<section class=\"elementor-section elementor-top-section elementor-element elementor-element-2bb15969 elementor-section-full_width elementor-section-height-default elementor-section-height-default\" data-id=\"2bb15969\" data-element_type=\"section\">\n\t\t\t\t\t\t<div class=\"elementor-container elementor-column-gap-default\">\n\t\t\t\t\t<div class=\"elementor-column elementor-col-50 elementor-top-column elementor-element elementor-element-2170b23\" data-id=\"2170b23\" data-element_type=\"column\">\n\t\t\t<div class=\"elementor-widget-wrap elementor-element-populated\">\n\t\t\t\t\t\t<div class=\"elementor-element elementor-element-d1f24bb lva_menu elementor-widget elementor-widget-wp-widget-nav_menu\" data-id=\"d1f24bb\" data-element_type=\"widget\" data-widget_type=\"wp-widget-nav_menu.default\">\n\t\t\t\t<div class=\"elementor-widget-container\">\n\t\t\t\t\t<div class=\"menu-arbeiten-container\"><ul id=\"menu-arbeiten\" class=\"menu\"><li id=\"menu-item-27442\" class=\"menu-item menu-item-type-post_type menu-item-object-page menu-item-27442\"><a href=\"https:\/\/denkmalpflege.tuwien.ac.at\/index.php\/diplomarbeiten\/\">Diplomarbeiten<\/a><\/li>\n<li id=\"menu-item-16203\" class=\"menu-item menu-item-type-post_type menu-item-object-page menu-item-16203\"><a href=\"https:\/\/denkmalpflege.tuwien.ac.at\/index.php\/laufende-dissertationen\/\">Dissertationen<\/a><\/li>\n<\/ul><\/div>\t\t\t\t<\/div>\n\t\t\t\t<\/div>\n\t\t\t\t\t<\/div>\n\t\t<\/div>\n\t\t\t\t<div class=\"elementor-column elementor-col-50 elementor-top-column elementor-element elementor-element-6f901826\" data-id=\"6f901826\" data-element_type=\"column\">\n\t\t\t<div class=\"elementor-widget-wrap elementor-element-populated\">\n\t\t\t\t\t\t<div class=\"elementor-element elementor-element-73a5179f elementor-widget elementor-widget-text-editor\" data-id=\"73a5179f\" data-element_type=\"widget\" data-widget_type=\"text-editor.default\">\n\t\t\t\t<div class=\"elementor-widget-container\">\n\t\t\t\t\t\t\t\t\t<h2>Vom Wohnen 1898 bis 2018. Ein Badener Gr\u00fcnderzeithaus in der Schutzzone.<\/h2>\t\t\t\t\t\t\t\t<\/div>\n\t\t\t\t<\/div>\n\t\t\t\t<div class=\"elementor-element elementor-element-79d83619 elementor-widget elementor-widget-spacer\" data-id=\"79d83619\" data-element_type=\"widget\" data-widget_type=\"spacer.default\">\n\t\t\t\t<div class=\"elementor-widget-container\">\n\t\t\t\t\t\t\t<div class=\"elementor-spacer\">\n\t\t\t<div class=\"elementor-spacer-inner\"><\/div>\n\t\t<\/div>\n\t\t\t\t\t\t<\/div>\n\t\t\t\t<\/div>\n\t\t\t\t<div class=\"elementor-element elementor-element-5decca6c silde_dipl elementor-arrows-position-inside elementor-widget elementor-widget-image-carousel\" data-id=\"5decca6c\" data-element_type=\"widget\" data-settings=\"{&quot;slides_to_show&quot;:&quot;1&quot;,&quot;navigation&quot;:&quot;arrows&quot;,&quot;autoplay&quot;:&quot;no&quot;,&quot;infinite&quot;:&quot;yes&quot;,&quot;effect&quot;:&quot;slide&quot;,&quot;speed&quot;:500}\" data-widget_type=\"image-carousel.default\">\n\t\t\t\t<div class=\"elementor-widget-container\">\n\t\t\t\t\t\t\t<div class=\"elementor-image-carousel-wrapper swiper\" role=\"region\" aria-roledescription=\"carousel\" aria-label=\"Bild Karussell\" dir=\"ltr\">\n\t\t\t<div class=\"elementor-image-carousel swiper-wrapper\" aria-live=\"polite\">\n\t\t\t\t\t\t\t\t<div class=\"swiper-slide\" role=\"group\" aria-roledescription=\"slide\" aria-label=\"1 von 1\"><a data-elementor-open-lightbox=\"yes\" data-elementor-lightbox-slideshow=\"5decca6c\" data-elementor-lightbox-title=\"Ansicht 1939 | Ansicht 1961\" data-e-action-hash=\"#elementor-action%3Aaction%3Dlightbox%26settings%3DeyJpZCI6MTM3MzMsInVybCI6Imh0dHBzOlwvXC9kZW5rbWFscGZsZWdlLnR1d2llbi5hYy5hdFwvd3AtY29udGVudFwvdXBsb2Fkc1wvMjAxOFwvMDZcL3RyYXVzc25pZ2ctZ3JvXHUwMGRmLmpwZyIsInNsaWRlc2hvdyI6IjVkZWNjYTZjIn0%3D\" href=\"https:\/\/denkmalpflege.tuwien.ac.at\/wp-content\/uploads\/2018\/06\/traussnigg-gro\u00df.jpg\"><figure class=\"swiper-slide-inner\"><img decoding=\"async\" class=\"swiper-slide-image\" src=\"https:\/\/denkmalpflege.tuwien.ac.at\/wp-content\/uploads\/2018\/06\/traussnigg-gro\u00df.jpg\" alt=\"Ansicht 1939 | Ansicht 1961\" \/><figcaption class=\"elementor-image-carousel-caption\">Ansicht 1939 | Ansicht 1961<\/figcaption><\/figure><\/a><\/div>\t\t\t<\/div>\n\t\t\t\t\t<\/div>\n\t\t\t\t\t\t<\/div>\n\t\t\t\t<\/div>\n\t\t\t\t<div class=\"elementor-element elementor-element-310884d4 elementor-widget elementor-widget-text-editor\" data-id=\"310884d4\" data-element_type=\"widget\" data-widget_type=\"text-editor.default\">\n\t\t\t\t<div class=\"elementor-widget-container\">\n\t\t\t\t\t\t\t\t\t<p class=\"lva_txt\">Diese Masterarbeit besch\u00e4ftigt sich mit den Schutzzonen in N\u00d6 im Allgemeinen und dem Gr\u00fcnderzeithaus Germergasse 40 in Baden bei Wien im Speziellen. Anders als der Denkmalschutz, der auf Bundesebene geregelt ist, fallen Schutzzonen in die Kompetenz der Gemeinden. Die Funktionsweise und Charakteristika der Schutzzonen unterscheiden sich daher deutlich zwischen den verschiedenen Bundesl\u00e4ndern aber auch zwischen den einzelnen Gemeinden. Im Blickpunkt der Arbeit stehen die Schutzzonen in Baden bei Wien, die genau untersucht und vergleichend betrachtet werden. Im Detail wird dabei auf die Germergasse, urspr\u00fcnglich einen alten Feldweg durch die Weinberge im Stadtteil Leesdorf nach Gumpoldskirchen, eingegangen. Trotz der haupts\u00e4chlich gr\u00fcnderzeitlichen Bebauung, kann hier das Nebeneinander verschiedener Zonen gut analysiert werden. Im Speziellen wird das Haus Germergasse 40 in Baden genau betrachtet und untersucht. 1898 erbaut, 1913 erweitert, 1933 und 1960 saniert, ist es ein typisches Beispiel eines Gr\u00fcnderzeitwohnhauses in gekuppelter Bauweise. Auf Basis einer gr\u00fcndlichen Bauaufnahme wird das Geb\u00e4ude in seiner Substanz analysiert und ein denkmalpflegerisches Konzept erstellt. Dieses ist wiederum die Grundlage des Entwurfs, der sich mit der zeitgem\u00e4\u00dfen Wohnnutzung des fast 120 Jahre alten Objektes besch\u00e4ftigt.<\/p>\t\t\t\t\t\t\t\t<\/div>\n\t\t\t\t<\/div>\n\t\t\t\t\t<\/div>\n\t\t<\/div>\n\t\t\t\t\t<\/div>\n\t\t<\/section>\n\t\t\t\t<\/div>\n\t\t","protected":false},"excerpt":{"rendered":"<p>Arbeiten Lisa Traussnigg 2018 Vom Wohnen 1898 bis 2018. Ein Badener Gr\u00fcnderzeithaus in der Schutzzone. Ansicht 1939 | Ansicht 1961 Diese Masterarbeit besch\u00e4ftigt sich mit den Schutzzonen in N\u00d6 im Allgemeinen und dem Gr\u00fcnderzeithaus Germergasse 40 in Baden bei Wien im Speziellen. Anders als der Denkmalschutz, der auf Bundesebene geregelt ist, fallen Schutzzonen in die Kompetenz der Gemeinden. Die Funktionsweise und Charakteristika der Schutzzonen unterscheiden sich daher deutlich zwischen den<\/p>\n<div class=\"belowpost\"><a class=\"btnmore icon-arrow\" href=\"https:\/\/denkmalpflege.tuwien.ac.at\/index.php\/lisa-traussnigg\/\"><span>Read More<\/span><\/a><\/div>\n","protected":false},"author":1,"featured_media":0,"comment_status":"open","ping_status":"open","sticky":false,"template":"","format":"standard","meta":{"footnotes":""},"categories":[1],"tags":[],"class_list":["post-16867","post","type-post","status-publish","format-standard","hentry","category-uncategorized"],"yoast_head":"<!-- This site is optimized with the Yoast SEO plugin v26.0 - https:\/\/yoast.com\/wordpress\/plugins\/seo\/ -->\n<title>Lisa Traussnigg - Denkmalpflege und Bauen im Bestand<\/title>\n<meta name=\"robots\" content=\"noindex, follow\" \/>\n<meta property=\"og:locale\" content=\"de_DE\" \/>\n<meta property=\"og:type\" content=\"article\" \/>\n<meta property=\"og:title\" content=\"Lisa Traussnigg - Denkmalpflege und Bauen im Bestand\" \/>\n<meta property=\"og:description\" content=\"Arbeiten Lisa Traussnigg 2018 Vom Wohnen 1898 bis 2018. Ein Badener Gr\u00fcnderzeithaus in der Schutzzone. Ansicht 1939 | Ansicht 1961 Diese Masterarbeit besch\u00e4ftigt sich mit den Schutzzonen in N\u00d6 im Allgemeinen und dem Gr\u00fcnderzeithaus Germergasse 40 in Baden bei Wien im Speziellen. Anders als der Denkmalschutz, der auf Bundesebene geregelt ist, fallen Schutzzonen in die Kompetenz der Gemeinden. Die Funktionsweise und Charakteristika der Schutzzonen unterscheiden sich daher deutlich zwischen denRead More\" \/>\n<meta property=\"og:url\" content=\"https:\/\/denkmalpflege.tuwien.ac.at\/index.php\/lisa-traussnigg\/\" \/>\n<meta property=\"og:site_name\" content=\"Denkmalpflege und Bauen im Bestand\" \/>\n<meta property=\"article:published_time\" content=\"2019-12-03T09:34:56+00:00\" \/>\n<meta property=\"article:modified_time\" content=\"2020-01-06T18:51:34+00:00\" \/>\n<meta name=\"author\" content=\"Forschungsbereich E 251.2 Denkmalpflege\" \/>\n<meta name=\"twitter:card\" content=\"summary_large_image\" \/>\n<meta name=\"twitter:label1\" content=\"Verfasst von\" \/>\n\t<meta name=\"twitter:data1\" content=\"Forschungsbereich E 251.2 Denkmalpflege\" \/>\n\t<meta name=\"twitter:label2\" content=\"Gesch\u00e4tzte Lesezeit\" \/>\n\t<meta name=\"twitter:data2\" content=\"1\u00a0Minute\" \/>\n<script type=\"application\/ld+json\" class=\"yoast-schema-graph\">{\"@context\":\"https:\/\/schema.org\",\"@graph\":[{\"@type\":\"Article\",\"@id\":\"https:\/\/denkmalpflege.tuwien.ac.at\/index.php\/lisa-traussnigg\/#article\",\"isPartOf\":{\"@id\":\"https:\/\/denkmalpflege.tuwien.ac.at\/index.php\/lisa-traussnigg\/\"},\"author\":{\"name\":\"Forschungsbereich E 251.2 Denkmalpflege\",\"@id\":\"https:\/\/denkmalpflege.tuwien.ac.at\/#\/schema\/person\/ef6125326e23b481ddb67f4ca7fb1ad6\"},\"headline\":\"Lisa Traussnigg\",\"datePublished\":\"2019-12-03T09:34:56+00:00\",\"dateModified\":\"2020-01-06T18:51:34+00:00\",\"mainEntityOfPage\":{\"@id\":\"https:\/\/denkmalpflege.tuwien.ac.at\/index.php\/lisa-traussnigg\/\"},\"wordCount\":199,\"commentCount\":0,\"publisher\":{\"@id\":\"https:\/\/denkmalpflege.tuwien.ac.at\/#organization\"},\"articleSection\":[\"Uncategorized\"],\"inLanguage\":\"de\",\"potentialAction\":[{\"@type\":\"CommentAction\",\"name\":\"Comment\",\"target\":[\"https:\/\/denkmalpflege.tuwien.ac.at\/index.php\/lisa-traussnigg\/#respond\"]}]},{\"@type\":\"WebPage\",\"@id\":\"https:\/\/denkmalpflege.tuwien.ac.at\/index.php\/lisa-traussnigg\/\",\"url\":\"https:\/\/denkmalpflege.tuwien.ac.at\/index.php\/lisa-traussnigg\/\",\"name\":\"Lisa Traussnigg - Denkmalpflege und Bauen im Bestand\",\"isPartOf\":{\"@id\":\"https:\/\/denkmalpflege.tuwien.ac.at\/#website\"},\"datePublished\":\"2019-12-03T09:34:56+00:00\",\"dateModified\":\"2020-01-06T18:51:34+00:00\",\"breadcrumb\":{\"@id\":\"https:\/\/denkmalpflege.tuwien.ac.at\/index.php\/lisa-traussnigg\/#breadcrumb\"},\"inLanguage\":\"de\",\"potentialAction\":[{\"@type\":\"ReadAction\",\"target\":[\"https:\/\/denkmalpflege.tuwien.ac.at\/index.php\/lisa-traussnigg\/\"]}]},{\"@type\":\"BreadcrumbList\",\"@id\":\"https:\/\/denkmalpflege.tuwien.ac.at\/index.php\/lisa-traussnigg\/#breadcrumb\",\"itemListElement\":[{\"@type\":\"ListItem\",\"position\":1,\"name\":\"Startseite\",\"item\":\"https:\/\/denkmalpflege.tuwien.ac.at\/\"},{\"@type\":\"ListItem\",\"position\":2,\"name\":\"Lisa Traussnigg\"}]},{\"@type\":\"WebSite\",\"@id\":\"https:\/\/denkmalpflege.tuwien.ac.at\/#website\",\"url\":\"https:\/\/denkmalpflege.tuwien.ac.at\/\",\"name\":\"Denkmalpflege und Bauen im Bestand\",\"description\":\"Denkmalpflege TU Wien\",\"publisher\":{\"@id\":\"https:\/\/denkmalpflege.tuwien.ac.at\/#organization\"},\"potentialAction\":[{\"@type\":\"SearchAction\",\"target\":{\"@type\":\"EntryPoint\",\"urlTemplate\":\"https:\/\/denkmalpflege.tuwien.ac.at\/?s={search_term_string}\"},\"query-input\":{\"@type\":\"PropertyValueSpecification\",\"valueRequired\":true,\"valueName\":\"search_term_string\"}}],\"inLanguage\":\"de\"},{\"@type\":\"Organization\",\"@id\":\"https:\/\/denkmalpflege.tuwien.ac.at\/#organization\",\"name\":\"TU Wien Denkmalpflege und Bauen im Bestand\",\"url\":\"https:\/\/denkmalpflege.tuwien.ac.at\/\",\"logo\":{\"@type\":\"ImageObject\",\"inLanguage\":\"de\",\"@id\":\"https:\/\/denkmalpflege.tuwien.ac.at\/#\/schema\/logo\/image\/\",\"url\":\"https:\/\/denkmalpflege.tuwien.ac.at\/wp-content\/uploads\/2019\/10\/Logo1.png\",\"contentUrl\":\"https:\/\/denkmalpflege.tuwien.ac.at\/wp-content\/uploads\/2019\/10\/Logo1.png\",\"width\":222,\"height\":79,\"caption\":\"TU Wien Denkmalpflege und Bauen im Bestand\"},\"image\":{\"@id\":\"https:\/\/denkmalpflege.tuwien.ac.at\/#\/schema\/logo\/image\/\"}},{\"@type\":\"Person\",\"@id\":\"https:\/\/denkmalpflege.tuwien.ac.at\/#\/schema\/person\/ef6125326e23b481ddb67f4ca7fb1ad6\",\"name\":\"Forschungsbereich E 251.2 Denkmalpflege\",\"image\":{\"@type\":\"ImageObject\",\"inLanguage\":\"de\",\"@id\":\"https:\/\/denkmalpflege.tuwien.ac.at\/#\/schema\/person\/image\/\",\"url\":\"https:\/\/secure.gravatar.com\/avatar\/6557f393b3e6772d165d511605c7edc537872c1cee8672502300d45084bcc112?s=96&d=mm&r=g\",\"contentUrl\":\"https:\/\/secure.gravatar.com\/avatar\/6557f393b3e6772d165d511605c7edc537872c1cee8672502300d45084bcc112?s=96&d=mm&r=g\",\"caption\":\"Forschungsbereich E 251.2 Denkmalpflege\"}}]}<\/script>\n<!-- \/ Yoast SEO plugin. -->","yoast_head_json":{"title":"Lisa Traussnigg - Denkmalpflege und Bauen im Bestand","robots":{"index":"noindex","follow":"follow"},"og_locale":"de_DE","og_type":"article","og_title":"Lisa Traussnigg - Denkmalpflege und Bauen im Bestand","og_description":"Arbeiten Lisa Traussnigg 2018 Vom Wohnen 1898 bis 2018. Ein Badener Gr\u00fcnderzeithaus in der Schutzzone. Ansicht 1939 | Ansicht 1961 Diese Masterarbeit besch\u00e4ftigt sich mit den Schutzzonen in N\u00d6 im Allgemeinen und dem Gr\u00fcnderzeithaus Germergasse 40 in Baden bei Wien im Speziellen. Anders als der Denkmalschutz, der auf Bundesebene geregelt ist, fallen Schutzzonen in die Kompetenz der Gemeinden. Die Funktionsweise und Charakteristika der Schutzzonen unterscheiden sich daher deutlich zwischen denRead More","og_url":"https:\/\/denkmalpflege.tuwien.ac.at\/index.php\/lisa-traussnigg\/","og_site_name":"Denkmalpflege und Bauen im Bestand","article_published_time":"2019-12-03T09:34:56+00:00","article_modified_time":"2020-01-06T18:51:34+00:00","author":"Forschungsbereich E 251.2 Denkmalpflege","twitter_card":"summary_large_image","twitter_misc":{"Verfasst von":"Forschungsbereich E 251.2 Denkmalpflege","Gesch\u00e4tzte Lesezeit":"1\u00a0Minute"},"schema":{"@context":"https:\/\/schema.org","@graph":[{"@type":"Article","@id":"https:\/\/denkmalpflege.tuwien.ac.at\/index.php\/lisa-traussnigg\/#article","isPartOf":{"@id":"https:\/\/denkmalpflege.tuwien.ac.at\/index.php\/lisa-traussnigg\/"},"author":{"name":"Forschungsbereich E 251.2 Denkmalpflege","@id":"https:\/\/denkmalpflege.tuwien.ac.at\/#\/schema\/person\/ef6125326e23b481ddb67f4ca7fb1ad6"},"headline":"Lisa Traussnigg","datePublished":"2019-12-03T09:34:56+00:00","dateModified":"2020-01-06T18:51:34+00:00","mainEntityOfPage":{"@id":"https:\/\/denkmalpflege.tuwien.ac.at\/index.php\/lisa-traussnigg\/"},"wordCount":199,"commentCount":0,"publisher":{"@id":"https:\/\/denkmalpflege.tuwien.ac.at\/#organization"},"articleSection":["Uncategorized"],"inLanguage":"de","potentialAction":[{"@type":"CommentAction","name":"Comment","target":["https:\/\/denkmalpflege.tuwien.ac.at\/index.php\/lisa-traussnigg\/#respond"]}]},{"@type":"WebPage","@id":"https:\/\/denkmalpflege.tuwien.ac.at\/index.php\/lisa-traussnigg\/","url":"https:\/\/denkmalpflege.tuwien.ac.at\/index.php\/lisa-traussnigg\/","name":"Lisa Traussnigg - Denkmalpflege und Bauen im Bestand","isPartOf":{"@id":"https:\/\/denkmalpflege.tuwien.ac.at\/#website"},"datePublished":"2019-12-03T09:34:56+00:00","dateModified":"2020-01-06T18:51:34+00:00","breadcrumb":{"@id":"https:\/\/denkmalpflege.tuwien.ac.at\/index.php\/lisa-traussnigg\/#breadcrumb"},"inLanguage":"de","potentialAction":[{"@type":"ReadAction","target":["https:\/\/denkmalpflege.tuwien.ac.at\/index.php\/lisa-traussnigg\/"]}]},{"@type":"BreadcrumbList","@id":"https:\/\/denkmalpflege.tuwien.ac.at\/index.php\/lisa-traussnigg\/#breadcrumb","itemListElement":[{"@type":"ListItem","position":1,"name":"Startseite","item":"https:\/\/denkmalpflege.tuwien.ac.at\/"},{"@type":"ListItem","position":2,"name":"Lisa Traussnigg"}]},{"@type":"WebSite","@id":"https:\/\/denkmalpflege.tuwien.ac.at\/#website","url":"https:\/\/denkmalpflege.tuwien.ac.at\/","name":"Denkmalpflege und Bauen im Bestand","description":"Denkmalpflege TU Wien","publisher":{"@id":"https:\/\/denkmalpflege.tuwien.ac.at\/#organization"},"potentialAction":[{"@type":"SearchAction","target":{"@type":"EntryPoint","urlTemplate":"https:\/\/denkmalpflege.tuwien.ac.at\/?s={search_term_string}"},"query-input":{"@type":"PropertyValueSpecification","valueRequired":true,"valueName":"search_term_string"}}],"inLanguage":"de"},{"@type":"Organization","@id":"https:\/\/denkmalpflege.tuwien.ac.at\/#organization","name":"TU Wien Denkmalpflege und Bauen im Bestand","url":"https:\/\/denkmalpflege.tuwien.ac.at\/","logo":{"@type":"ImageObject","inLanguage":"de","@id":"https:\/\/denkmalpflege.tuwien.ac.at\/#\/schema\/logo\/image\/","url":"https:\/\/denkmalpflege.tuwien.ac.at\/wp-content\/uploads\/2019\/10\/Logo1.png","contentUrl":"https:\/\/denkmalpflege.tuwien.ac.at\/wp-content\/uploads\/2019\/10\/Logo1.png","width":222,"height":79,"caption":"TU Wien Denkmalpflege und Bauen im Bestand"},"image":{"@id":"https:\/\/denkmalpflege.tuwien.ac.at\/#\/schema\/logo\/image\/"}},{"@type":"Person","@id":"https:\/\/denkmalpflege.tuwien.ac.at\/#\/schema\/person\/ef6125326e23b481ddb67f4ca7fb1ad6","name":"Forschungsbereich E 251.2 Denkmalpflege","image":{"@type":"ImageObject","inLanguage":"de","@id":"https:\/\/denkmalpflege.tuwien.ac.at\/#\/schema\/person\/image\/","url":"https:\/\/secure.gravatar.com\/avatar\/6557f393b3e6772d165d511605c7edc537872c1cee8672502300d45084bcc112?s=96&d=mm&r=g","contentUrl":"https:\/\/secure.gravatar.com\/avatar\/6557f393b3e6772d165d511605c7edc537872c1cee8672502300d45084bcc112?s=96&d=mm&r=g","caption":"Forschungsbereich E 251.2 Denkmalpflege"}}]}},"_links":{"self":[{"href":"https:\/\/denkmalpflege.tuwien.ac.at\/index.php\/wp-json\/wp\/v2\/posts\/16867","targetHints":{"allow":["GET"]}}],"collection":[{"href":"https:\/\/denkmalpflege.tuwien.ac.at\/index.php\/wp-json\/wp\/v2\/posts"}],"about":[{"href":"https:\/\/denkmalpflege.tuwien.ac.at\/index.php\/wp-json\/wp\/v2\/types\/post"}],"author":[{"embeddable":true,"href":"https:\/\/denkmalpflege.tuwien.ac.at\/index.php\/wp-json\/wp\/v2\/users\/1"}],"replies":[{"embeddable":true,"href":"https:\/\/denkmalpflege.tuwien.ac.at\/index.php\/wp-json\/wp\/v2\/comments?post=16867"}],"version-history":[{"count":4,"href":"https:\/\/denkmalpflege.tuwien.ac.at\/index.php\/wp-json\/wp\/v2\/posts\/16867\/revisions"}],"predecessor-version":[{"id":17483,"href":"https:\/\/denkmalpflege.tuwien.ac.at\/index.php\/wp-json\/wp\/v2\/posts\/16867\/revisions\/17483"}],"wp:attachment":[{"href":"https:\/\/denkmalpflege.tuwien.ac.at\/index.php\/wp-json\/wp\/v2\/media?parent=16867"}],"wp:term":[{"taxonomy":"category","embeddable":true,"href":"https:\/\/denkmalpflege.tuwien.ac.at\/index.php\/wp-json\/wp\/v2\/categories?post=16867"},{"taxonomy":"post_tag","embeddable":true,"href":"https:\/\/denkmalpflege.tuwien.ac.at\/index.php\/wp-json\/wp\/v2\/tags?post=16867"}],"curies":[{"name":"wp","href":"https:\/\/api.w.org\/{rel}","templated":true}]}}